{"id":494,"date":"2013-03-13T23:31:56","date_gmt":"2013-03-14T04:31:56","guid":{"rendered":"https:\/\/cableado-estructurado.com.co\/netcomp\/entrega\/"},"modified":"2023-02-15T11:50:05","modified_gmt":"2023-02-15T16:50:05","slug":"entrega","status":"publish","type":"post","link":"https:\/\/cableado-estructurado.com.co\/netcomp\/entrega\/","title":{"rendered":"Entrega"},"content":{"rendered":"<h2><span style=\"background-color: #ffffff;\" title=\"Livraisons et retours\">\u00a0<\/span><\/h2>\n<h2 style=\"text-align: center;\"><span id=\"result_box\" style=\"font-family: tahoma, arial, helvetica, sans-serif; font-size: 12pt; color: #333399;\"><span style=\"background-color: #ffffff;\" title=\"Livraisons et retours\">ENVIO Y RETORNO DE MERCANCIA<\/span><\/span><\/h2>\n<p><span style=\"font-family: tahoma, arial, helvetica, sans-serif; font-size: 12pt; color: #333399;\"><span style=\"background-color: #ffffff;\" title=\"Livraisons et retours\">\u00a0<\/span><\/span><\/p>\n<h3 style=\"text-align: center;\"><span id=\"result_box\" style=\"font-family: tahoma, arial, helvetica, sans-serif; font-size: 12pt; color: #333399;\"><span style=\"background-color: #ffffff;\" title=\"Le transport de votre colis\">El transporte de su paquete<\/span><\/span><\/h3>\n<p><span style=\"font-family: terminal, monaco; color: #333399;\"><span style=\"background-color: #ffffff;\" title=\"Le transport de votre colis\">\u00a0<\/span><\/span><\/p>\n<p><span style=\"font-family: tahoma, arial, helvetica, sans-serif; font-size: 12pt;\">Gastos de env\u00edo incluyen el embalaje, la manipulaci\u00f3n y env\u00edo.\u00a0Pueden contener un fijo y una parte variable basado en el precio o el peso de su solicitud.\u00a0Le recomendamos consolidar sus compras en una sola orden.\u00a0<\/span><\/p>\n<p><span style=\"font-family: tahoma, arial, helvetica, sans-serif; font-size: 12pt;\">\u00a0<\/span><\/p>\n<p><span style=\"font-family: tahoma, arial, helvetica, sans-serif; font-size: 12pt;\">Si se crean dos \u00f3rdenes distintas hay que pagar gastos de env\u00edo para cada uno.\u00a0<\/span><\/p>\n<p><span style=\"font-family: tahoma, arial, helvetica, sans-serif; font-size: 12pt;\">\u00a0<\/span><\/p>\n<p><span style=\"font-family: tahoma, arial, helvetica, sans-serif; font-size: 12pt;\">El paquete es enviado a su propio riesgo, sin embargo se podr\u00e1 contratar un seguro de envi\u00f3 a cargo del cliente, lo que es altamente recomendado por tratarse de mercanc\u00eda de alta tecnolog\u00eda y precio.<\/span><\/p>\n<p><span style=\"font-family: tahoma, arial, helvetica, sans-serif; font-size: 12pt;\">\u00a0<\/span><\/p>\n<p><span style=\"font-family: tahoma, arial, helvetica, sans-serif; font-size: 12pt;\">El cliente debe verificar y estar seguro del pedido que est\u00e1 realizando. Los equipos no tienen cambio despu\u00e9s de despachados ni retorno del dinero. Por tal motivo recomendamos consultar los archivos de especificaciones t\u00e9cnicas que se a\u00f1aden en la pesta\u00f1a \u201cDESCARGAR\u201d. Si desea ampliar las especificaciones puede comunicarse con nuestros ejecutivos comerciales y visitar la p\u00e1gina del fabricante.<\/span><\/p>\n<p><span style=\"font-family: tahoma, arial, helvetica, sans-serif; font-size: 12pt;\">\u00a0<\/span><\/p>\n<p><span style=\"font-family: tahoma, arial, helvetica, sans-serif; font-size: 12pt;\">Todos los productos tiene el n\u00famero de parte y modelo para facilitar la consulta de sus especificaciones t\u00e9cnicas.<\/span><\/p>\n","protected":false},"excerpt":{"rendered":"<p>\u00a0 ENVIO Y RETORNO DE MERCANCIA \u00a0 El transporte de su paquete \u00a0 Gastos de env\u00edo incluyen el embalaje, la manipulaci\u00f3n y env\u00edo.\u00a0Pueden contener un fijo y una parte variable basado en el precio o el peso de su solicitud.\u00a0Le recomendamos consolidar sus compras en una sola orden.\u00a0 \u00a0 Si se crean dos \u00f3rdenes distintas [&hellip;]<\/p>\n","protected":false},"author":1,"featured_media":0,"comment_status":"closed","ping_status":"open","sticky":false,"template":"","format":"standard","meta":{"_et_pb_use_builder":"","_et_pb_old_content":"","_et_gb_content_width":"","_jetpack_memberships_contains_paid_content":false,"footnotes":""},"categories":[18],"tags":[],"class_list":["post-494","post","type-post","status-publish","format-standard","hentry","category-home"],"yoast_head":"<!-- This site is optimized with the Yoast SEO plugin v27.5 - https:\/\/yoast.com\/product\/yoast-seo-wordpress\/ -->\n<title>Cableado estructurado, instalacion punto de datos,<\/title>\n<meta name=\"description\" content=\"Cableado estructurado, instalacion punto de datos, instalacion punto corriente, Bogota -Colombia\" \/>\n<meta name=\"robots\" content=\"noindex, follow\" \/>\n<meta property=\"og:locale\" content=\"es_ES\" \/>\n<meta property=\"og:type\" content=\"article\" \/>\n<meta property=\"og:title\" content=\"Cableado estructurado, instalacion punto de datos,\" \/>\n<meta property=\"og:description\" content=\"Cableado estructurado, instalacion punto de datos, instalacion punto corriente, Bogota -Colombia\" \/>\n<meta property=\"og:url\" content=\"https:\/\/cableado-estructurado.com.co\/netcomp\/entrega\/\" \/>\n<meta property=\"og:site_name\" content=\"Cableado Estructurado Colombia\" \/>\n<meta property=\"article:publisher\" content=\"https:\/\/www.facebook.com\/Soluciones-Tecnologicas-MCC-SAS-100746298259981\" \/>\n<meta property=\"article:published_time\" content=\"2013-03-14T04:31:56+00:00\" \/>\n<meta property=\"article:modified_time\" content=\"2023-02-15T16:50:05+00:00\" \/>\n<meta name=\"author\" content=\"administrador\" \/>\n<meta name=\"twitter:card\" content=\"summary_large_image\" \/>\n<meta name=\"twitter:label1\" content=\"Escrito por\" \/>\n\t<meta name=\"twitter:data1\" content=\"administrador\" \/>\n\t<meta name=\"twitter:label2\" content=\"Tiempo de lectura\" \/>\n\t<meta name=\"twitter:data2\" content=\"1 minuto\" \/>\n<script type=\"application\/ld+json\" class=\"yoast-schema-graph\">{\"@context\":\"https:\\\/\\\/schema.org\",\"@graph\":[{\"@type\":\"Article\",\"@id\":\"https:\\\/\\\/cableado-estructurado.com.co\\\/netcomp\\\/entrega\\\/#article\",\"isPartOf\":{\"@id\":\"https:\\\/\\\/cableado-estructurado.com.co\\\/netcomp\\\/entrega\\\/\"},\"author\":{\"name\":\"administrador\",\"@id\":\"https:\\\/\\\/cableado-estructurado.com.co\\\/netcomp\\\/#\\\/schema\\\/person\\\/8c328f1600326d96a8e1601eff85d9f3\"},\"headline\":\"Entrega\",\"datePublished\":\"2013-03-14T04:31:56+00:00\",\"dateModified\":\"2023-02-15T16:50:05+00:00\",\"mainEntityOfPage\":{\"@id\":\"https:\\\/\\\/cableado-estructurado.com.co\\\/netcomp\\\/entrega\\\/\"},\"wordCount\":187,\"publisher\":{\"@id\":\"https:\\\/\\\/cableado-estructurado.com.co\\\/netcomp\\\/#organization\"},\"articleSection\":[\"Inicio\"],\"inLanguage\":\"es\"},{\"@type\":\"WebPage\",\"@id\":\"https:\\\/\\\/cableado-estructurado.com.co\\\/netcomp\\\/entrega\\\/\",\"url\":\"https:\\\/\\\/cableado-estructurado.com.co\\\/netcomp\\\/entrega\\\/\",\"name\":\"Cableado estructurado, instalacion punto de datos,\",\"isPartOf\":{\"@id\":\"https:\\\/\\\/cableado-estructurado.com.co\\\/netcomp\\\/#website\"},\"datePublished\":\"2013-03-14T04:31:56+00:00\",\"dateModified\":\"2023-02-15T16:50:05+00:00\",\"description\":\"Cableado estructurado, instalacion punto de datos, instalacion punto corriente, Bogota -Colombia\",\"breadcrumb\":{\"@id\":\"https:\\\/\\\/cableado-estructurado.com.co\\\/netcomp\\\/entrega\\\/#breadcrumb\"},\"inLanguage\":\"es\",\"potentialAction\":[{\"@type\":\"ReadAction\",\"target\":[\"https:\\\/\\\/cableado-estructurado.com.co\\\/netcomp\\\/entrega\\\/\"]}]},{\"@type\":\"BreadcrumbList\",\"@id\":\"https:\\\/\\\/cableado-estructurado.com.co\\\/netcomp\\\/entrega\\\/#breadcrumb\",\"itemListElement\":[{\"@type\":\"ListItem\",\"position\":1,\"name\":\"Portada\",\"item\":\"https:\\\/\\\/cableado-estructurado.com.co\\\/netcomp\\\/\"},{\"@type\":\"ListItem\",\"position\":2,\"name\":\"Entrega\"}]},{\"@type\":\"WebSite\",\"@id\":\"https:\\\/\\\/cableado-estructurado.com.co\\\/netcomp\\\/#website\",\"url\":\"https:\\\/\\\/cableado-estructurado.com.co\\\/netcomp\\\/\",\"name\":\"Cableado Estructurado Colombia\",\"description\":\"Telefonos:  (+57) 316 878 8749\",\"publisher\":{\"@id\":\"https:\\\/\\\/cableado-estructurado.com.co\\\/netcomp\\\/#organization\"},\"potentialAction\":[{\"@type\":\"SearchAction\",\"target\":{\"@type\":\"EntryPoint\",\"urlTemplate\":\"https:\\\/\\\/cableado-estructurado.com.co\\\/netcomp\\\/?s={search_term_string}\"},\"query-input\":{\"@type\":\"PropertyValueSpecification\",\"valueRequired\":true,\"valueName\":\"search_term_string\"}}],\"inLanguage\":\"es\"},{\"@type\":\"Organization\",\"@id\":\"https:\\\/\\\/cableado-estructurado.com.co\\\/netcomp\\\/#organization\",\"name\":\"Soluciones Tecnologicas MCC SAS\",\"alternateName\":\"MCC\",\"url\":\"https:\\\/\\\/cableado-estructurado.com.co\\\/netcomp\\\/\",\"logo\":{\"@type\":\"ImageObject\",\"inLanguage\":\"es\",\"@id\":\"https:\\\/\\\/cableado-estructurado.com.co\\\/netcomp\\\/#\\\/schema\\\/logo\\\/image\\\/\",\"url\":\"https:\\\/\\\/cableado-estructurado.com.co\\\/netcomp\\\/wp-content\\\/uploads\\\/2023\\\/04\\\/logos-soluciones-1-1.png\",\"contentUrl\":\"https:\\\/\\\/cableado-estructurado.com.co\\\/netcomp\\\/wp-content\\\/uploads\\\/2023\\\/04\\\/logos-soluciones-1-1.png\",\"width\":479,\"height\":100,\"caption\":\"Soluciones Tecnologicas MCC SAS\"},\"image\":{\"@id\":\"https:\\\/\\\/cableado-estructurado.com.co\\\/netcomp\\\/#\\\/schema\\\/logo\\\/image\\\/\"},\"sameAs\":[\"https:\\\/\\\/www.facebook.com\\\/Soluciones-Tecnologicas-MCC-SAS-100746298259981\",\"https:\\\/\\\/www.instagram.com\\\/solucionesmccsas\\\/?hl=es\",\"http:\\\/\\\/www.linkedin.com\\\/in\\\/mauricio-calderon-a78b5a15\"]},{\"@type\":\"Person\",\"@id\":\"https:\\\/\\\/cableado-estructurado.com.co\\\/netcomp\\\/#\\\/schema\\\/person\\\/8c328f1600326d96a8e1601eff85d9f3\",\"name\":\"administrador\",\"image\":{\"@type\":\"ImageObject\",\"inLanguage\":\"es\",\"@id\":\"https:\\\/\\\/secure.gravatar.com\\\/avatar\\\/fccd88f7d801bca9419b0d933a096978d9b0e7b5319960416d6e1656b521d8f9?s=96&d=mm&r=g\",\"url\":\"https:\\\/\\\/secure.gravatar.com\\\/avatar\\\/fccd88f7d801bca9419b0d933a096978d9b0e7b5319960416d6e1656b521d8f9?s=96&d=mm&r=g\",\"contentUrl\":\"https:\\\/\\\/secure.gravatar.com\\\/avatar\\\/fccd88f7d801bca9419b0d933a096978d9b0e7b5319960416d6e1656b521d8f9?s=96&d=mm&r=g\",\"caption\":\"administrador\"},\"url\":\"https:\\\/\\\/cableado-estructurado.com.co\\\/netcomp\\\/author\\\/administrador\\\/\"}]}<\/script>\n<!-- \/ Yoast SEO plugin. -->","yoast_head_json":{"title":"Cableado estructurado, instalacion punto de datos,","description":"Cableado estructurado, instalacion punto de datos, instalacion punto corriente, Bogota -Colombia","robots":{"index":"noindex","follow":"follow"},"og_locale":"es_ES","og_type":"article","og_title":"Cableado estructurado, instalacion punto de datos,","og_description":"Cableado estructurado, instalacion punto de datos, instalacion punto corriente, Bogota -Colombia","og_url":"https:\/\/cableado-estructurado.com.co\/netcomp\/entrega\/","og_site_name":"Cableado Estructurado Colombia","article_publisher":"https:\/\/www.facebook.com\/Soluciones-Tecnologicas-MCC-SAS-100746298259981","article_published_time":"2013-03-14T04:31:56+00:00","article_modified_time":"2023-02-15T16:50:05+00:00","author":"administrador","twitter_card":"summary_large_image","twitter_misc":{"Escrito por":"administrador","Tiempo de lectura":"1 minuto"},"schema":{"@context":"https:\/\/schema.org","@graph":[{"@type":"Article","@id":"https:\/\/cableado-estructurado.com.co\/netcomp\/entrega\/#article","isPartOf":{"@id":"https:\/\/cableado-estructurado.com.co\/netcomp\/entrega\/"},"author":{"name":"administrador","@id":"https:\/\/cableado-estructurado.com.co\/netcomp\/#\/schema\/person\/8c328f1600326d96a8e1601eff85d9f3"},"headline":"Entrega","datePublished":"2013-03-14T04:31:56+00:00","dateModified":"2023-02-15T16:50:05+00:00","mainEntityOfPage":{"@id":"https:\/\/cableado-estructurado.com.co\/netcomp\/entrega\/"},"wordCount":187,"publisher":{"@id":"https:\/\/cableado-estructurado.com.co\/netcomp\/#organization"},"articleSection":["Inicio"],"inLanguage":"es"},{"@type":"WebPage","@id":"https:\/\/cableado-estructurado.com.co\/netcomp\/entrega\/","url":"https:\/\/cableado-estructurado.com.co\/netcomp\/entrega\/","name":"Cableado estructurado, instalacion punto de datos,","isPartOf":{"@id":"https:\/\/cableado-estructurado.com.co\/netcomp\/#website"},"datePublished":"2013-03-14T04:31:56+00:00","dateModified":"2023-02-15T16:50:05+00:00","description":"Cableado estructurado, instalacion punto de datos, instalacion punto corriente, Bogota -Colombia","breadcrumb":{"@id":"https:\/\/cableado-estructurado.com.co\/netcomp\/entrega\/#breadcrumb"},"inLanguage":"es","potentialAction":[{"@type":"ReadAction","target":["https:\/\/cableado-estructurado.com.co\/netcomp\/entrega\/"]}]},{"@type":"BreadcrumbList","@id":"https:\/\/cableado-estructurado.com.co\/netcomp\/entrega\/#breadcrumb","itemListElement":[{"@type":"ListItem","position":1,"name":"Portada","item":"https:\/\/cableado-estructurado.com.co\/netcomp\/"},{"@type":"ListItem","position":2,"name":"Entrega"}]},{"@type":"WebSite","@id":"https:\/\/cableado-estructurado.com.co\/netcomp\/#website","url":"https:\/\/cableado-estructurado.com.co\/netcomp\/","name":"Cableado Estructurado Colombia","description":"Telefonos:  (+57) 316 878 8749","publisher":{"@id":"https:\/\/cableado-estructurado.com.co\/netcomp\/#organization"},"potentialAction":[{"@type":"SearchAction","target":{"@type":"EntryPoint","urlTemplate":"https:\/\/cableado-estructurado.com.co\/netcomp\/?s={search_term_string}"},"query-input":{"@type":"PropertyValueSpecification","valueRequired":true,"valueName":"search_term_string"}}],"inLanguage":"es"},{"@type":"Organization","@id":"https:\/\/cableado-estructurado.com.co\/netcomp\/#organization","name":"Soluciones Tecnologicas MCC SAS","alternateName":"MCC","url":"https:\/\/cableado-estructurado.com.co\/netcomp\/","logo":{"@type":"ImageObject","inLanguage":"es","@id":"https:\/\/cableado-estructurado.com.co\/netcomp\/#\/schema\/logo\/image\/","url":"https:\/\/cableado-estructurado.com.co\/netcomp\/wp-content\/uploads\/2023\/04\/logos-soluciones-1-1.png","contentUrl":"https:\/\/cableado-estructurado.com.co\/netcomp\/wp-content\/uploads\/2023\/04\/logos-soluciones-1-1.png","width":479,"height":100,"caption":"Soluciones Tecnologicas MCC SAS"},"image":{"@id":"https:\/\/cableado-estructurado.com.co\/netcomp\/#\/schema\/logo\/image\/"},"sameAs":["https:\/\/www.facebook.com\/Soluciones-Tecnologicas-MCC-SAS-100746298259981","https:\/\/www.instagram.com\/solucionesmccsas\/?hl=es","http:\/\/www.linkedin.com\/in\/mauricio-calderon-a78b5a15"]},{"@type":"Person","@id":"https:\/\/cableado-estructurado.com.co\/netcomp\/#\/schema\/person\/8c328f1600326d96a8e1601eff85d9f3","name":"administrador","image":{"@type":"ImageObject","inLanguage":"es","@id":"https:\/\/secure.gravatar.com\/avatar\/fccd88f7d801bca9419b0d933a096978d9b0e7b5319960416d6e1656b521d8f9?s=96&d=mm&r=g","url":"https:\/\/secure.gravatar.com\/avatar\/fccd88f7d801bca9419b0d933a096978d9b0e7b5319960416d6e1656b521d8f9?s=96&d=mm&r=g","contentUrl":"https:\/\/secure.gravatar.com\/avatar\/fccd88f7d801bca9419b0d933a096978d9b0e7b5319960416d6e1656b521d8f9?s=96&d=mm&r=g","caption":"administrador"},"url":"https:\/\/cableado-estructurado.com.co\/netcomp\/author\/administrador\/"}]}},"jetpack_featured_media_url":"","jetpack_sharing_enabled":true,"_links":{"self":[{"href":"https:\/\/cableado-estructurado.com.co\/netcomp\/wp-json\/wp\/v2\/posts\/494","targetHints":{"allow":["GET"]}}],"collection":[{"href":"https:\/\/cableado-estructurado.com.co\/netcomp\/wp-json\/wp\/v2\/posts"}],"about":[{"href":"https:\/\/cableado-estructurado.com.co\/netcomp\/wp-json\/wp\/v2\/types\/post"}],"author":[{"embeddable":true,"href":"https:\/\/cableado-estructurado.com.co\/netcomp\/wp-json\/wp\/v2\/users\/1"}],"replies":[{"embeddable":true,"href":"https:\/\/cableado-estructurado.com.co\/netcomp\/wp-json\/wp\/v2\/comments?post=494"}],"version-history":[{"count":1,"href":"https:\/\/cableado-estructurado.com.co\/netcomp\/wp-json\/wp\/v2\/posts\/494\/revisions"}],"predecessor-version":[{"id":56982,"href":"https:\/\/cableado-estructurado.com.co\/netcomp\/wp-json\/wp\/v2\/posts\/494\/revisions\/56982"}],"wp:attachment":[{"href":"https:\/\/cableado-estructurado.com.co\/netcomp\/wp-json\/wp\/v2\/media?parent=494"}],"wp:term":[{"taxonomy":"category","embeddable":true,"href":"https:\/\/cableado-estructurado.com.co\/netcomp\/wp-json\/wp\/v2\/categories?post=494"},{"taxonomy":"post_tag","embeddable":true,"href":"https:\/\/cableado-estructurado.com.co\/netcomp\/wp-json\/wp\/v2\/tags?post=494"}],"curies":[{"name":"wp","href":"https:\/\/api.w.org\/{rel}","templated":true}]}}